{"id":983,"date":"2025-08-15T22:53:47","date_gmt":"2025-08-15T20:53:47","guid":{"rendered":"https:\/\/mozirje.info\/duomix2012\/?p=983"},"modified":"2026-02-16T22:39:59","modified_gmt":"2026-02-16T21:39:59","slug":"%f0%9f%8c%8a-glasbeni-utrinki-iz-dalmacije-duo-trio-mix-na-otoku-vis","status":"publish","type":"post","link":"http:\/\/mozirje.info\/duomix2012\/%f0%9f%8c%8a-glasbeni-utrinki-iz-dalmacije-duo-trio-mix-na-otoku-vis\/","title":{"rendered":"\ud83c\udf0a Glasbeni utrinki iz Dalmacije \u2013 DUO \/ TRIO MIX na otoku Vis"},"content":{"rendered":"\t\t<div data-elementor-type=\"wp-post\" data-elementor-id=\"983\" class=\"elementor elementor-983\">\n\t\t\t\t\t\t<section class=\"elementor-section elementor-top-section elementor-element elementor-element-f945904 elementor-section-boxed elementor-section-height-default elementor-section-height-default\" data-id=\"f945904\" data-element_type=\"section\" data-e-type=\"section\">\n\t\t\t\t\t\t<div class=\"elementor-container elementor-column-gap-default\">\n\t\t\t\t\t<div class=\"elementor-column elementor-col-100 elementor-top-column elementor-element elementor-element-6f29e0f\" data-id=\"6f29e0f\" data-element_type=\"column\" data-e-type=\"column\">\n\t\t\t<div class=\"elementor-widget-wrap elementor-element-populated\">\n\t\t\t\t\t\t<div class=\"elementor-element elementor-element-6a68644 elementor-widget elementor-widget-text-editor\" data-id=\"6a68644\" data-element_type=\"widget\" data-e-type=\"widget\" data-widget_type=\"text-editor.default\">\n\t\t\t\t<div class=\"elementor-widget-container\">\n\t\t\t\t\t\t\t\t\t<h3>Poletni meseci so za zasedbo DUO \/ TRIO MIX vedno \u010das glasbenih avantur, son\u010dnih melodij in nepozabnih sre\u010danj. Tokrat nas je pot zanesla na \u010darobni otok Vis, kjer smo med palmami, valovi in toplim dalmatinskim vzdu\u0161jem odigrali nekaj izjemnih nastopov \u2013 in do\u017eiveli trenutke, ki jih bomo nosili v srcu \u0161e dolgo.<\/h3><p>Dalmacija je prostor, kjer glasba ni le spremljava \u2013 je na\u010din \u017eivljenja. Vsaka terasa, vsak trg in vsaka ulica nosi svojo melodijo, svojo zgodbo. In prav v takem okolju se glasbeniki pove\u017eemo na poseben na\u010din. Med na\u0161imi nastopi smo sre\u010dali \u0161tevilne znane obraze dalmatinske glasbene scene, kar je za nas vedno navdihujo\u010de in spodbudno.<\/p><h2>\ud83c\udfa4 Sre\u010danje z glasbeno dedi\u0161\u010dino \u2013 Peter Dragojevi\u0107<\/h2><p>Eden izmed najlep\u0161ih trenutkov leto\u0161njega glasbenega potovanja po Dalmaciji je bilo sre\u010danje in sodelovanje s Petrom Dragojevi\u0107em \u2013 ne\u010dakom legendarnega Oliverja Dragojevi\u0107a, ikone dalmatinske glasbe. Peter s svojo karizmo, glasom in pristnim odnosom do glasbene tradicije nadaljuje dru\u017einsko pot, ki je globoko zasidrana v srca ljudi ob Jadranu in \u0161ir\u0161e.<\/p><p>Skupno muziciranje s Petrom je bilo ve\u010d kot le nastop \u2013 bil je poklon glasbeni kulturi, spo\u0161tovanju do dedi\u0161\u010dine in hkrati pogled v prihodnost, kjer se tradicija prepleta z novimi interpretacijami. Ob takih trenutkih se zavemo, kako mo\u010dno glasba povezuje ljudi, generacije in narode.<\/p><h2>\ud83c\udfb6 Ponos in hvale\u017enost<\/h2><p>Biti del tak\u0161nih sre\u010danj je privilegij. Kot glasbenik sem vesel in ponosen, da lahko sodelujem z osebami, ki ne le obvladajo svoj glasbeni izraz, temve\u010d ga \u017eivijo z du\u0161o in srcem. Vsak pogovor, vsaka skupna pesem in vsak aplavz publike je bil dokaz, da glasba ne pozna meja \u2013 le ljudi, ki jo \u010dutijo.<\/p><p>DUO \/ TRIO MIX se z Dalmacije vra\u010da poln vtisov, novih poznanstev in sve\u017ee inspiracije. Otok Vis nam je podaril ne le \u010dudovite razglede, temve\u010d tudi dragocene glasbene trenutke, ki jih bomo z veseljem delili naprej.<\/p><p>Hvala Dalmaciji, hvala Petru \u2013 in hvala vsem, ki ste z nami peli, plesali in ustvarjali poletne spomine.<\/p>\t\t\t\t\t\t\t\t<\/div>\n\t\t\t\t<\/div>\n\t\t\t\t\t<\/div>\n\t\t<\/div>\n\t\t\t\t\t<\/div>\n\t\t<\/section>\n\t\t\t\t<\/div>\n\t\t","protected":false},"excerpt":{"rendered":"<p>Poletni meseci so za zasedbo DUO \/ TRIO MIX vedno \u010das glasbenih avantur, son\u010dnih melodij in nepozabnih sre\u010danj. Tokrat nas [&hellip;]<\/p>\n","protected":false},"author":1,"featured_media":911,"comment_status":"closed","ping_status":"closed","sticky":false,"template":"","format":"standard","meta":{"om_disable_all_campaigns":false,"_monsterinsights_skip_tracking":false,"_monsterinsights_sitenote_active":false,"_monsterinsights_sitenote_note":"","_monsterinsights_sitenote_category":0,"ngg_post_thumbnail":0,"footnotes":""},"categories":[1],"tags":[],"class_list":["post-983","post","type-post","status-publish","format-standard","has-post-thumbnail","hentry","category-splosno"],"aioseo_notices":[],"_links":{"self":[{"href":"http:\/\/mozirje.info\/duomix2012\/wp-json\/wp\/v2\/posts\/983","targetHints":{"allow":["GET"]}}],"collection":[{"href":"http:\/\/mozirje.info\/duomix2012\/wp-json\/wp\/v2\/posts"}],"about":[{"href":"http:\/\/mozirje.info\/duomix2012\/wp-json\/wp\/v2\/types\/post"}],"author":[{"embeddable":true,"href":"http:\/\/mozirje.info\/duomix2012\/wp-json\/wp\/v2\/users\/1"}],"replies":[{"embeddable":true,"href":"http:\/\/mozirje.info\/duomix2012\/wp-json\/wp\/v2\/comments?post=983"}],"version-history":[{"count":4,"href":"http:\/\/mozirje.info\/duomix2012\/wp-json\/wp\/v2\/posts\/983\/revisions"}],"predecessor-version":[{"id":987,"href":"http:\/\/mozirje.info\/duomix2012\/wp-json\/wp\/v2\/posts\/983\/revisions\/987"}],"wp:featuredmedia":[{"embeddable":true,"href":"http:\/\/mozirje.info\/duomix2012\/wp-json\/wp\/v2\/media\/911"}],"wp:attachment":[{"href":"http:\/\/mozirje.info\/duomix2012\/wp-json\/wp\/v2\/media?parent=983"}],"wp:term":[{"taxonomy":"category","embeddable":true,"href":"http:\/\/mozirje.info\/duomix2012\/wp-json\/wp\/v2\/categories?post=983"},{"taxonomy":"post_tag","embeddable":true,"href":"http:\/\/mozirje.info\/duomix2012\/wp-json\/wp\/v2\/tags?post=983"}],"curies":[{"name":"wp","href":"https:\/\/api.w.org\/{rel}","templated":true}]}}