{"id":191,"date":"2012-03-28T15:08:10","date_gmt":"2012-03-28T13:08:10","guid":{"rendered":"http:\/\/mozirje.info\/mozirje\/?p=191"},"modified":"2013-07-15T15:23:52","modified_gmt":"2013-07-15T13:23:52","slug":"pobuda-za-sodelovanje-na-kolegiju-zupanov-vseh-obcin-zgornje-savinjske-doline-odzivi-deljeni","status":"publish","type":"post","link":"https:\/\/mozirje.info\/mozirje\/pobuda-za-sodelovanje-na-kolegiju-zupanov-vseh-obcin-zgornje-savinjske-doline-odzivi-deljeni\/","title":{"rendered":"Pobuda za sodelovanje na kolegiju \u017eupanov vseh ob\u010din Zgornje Savinjske doline &#8211; odzivi deljeni"},"content":{"rendered":"<p><span><strong>V \u010detrtek, 22.marca, je bil predstavnik, lastnik in direktor podjetja DaMix &#8211; MULTIMEDIJA Damjan \u017dvipelj, povabljen na sejo kolegija \u017eupanov vseh ob\u010din Zgornje Savinjske doline na Ob\u010dino Nazarje, kjer kolegiju trenutno predseduje nazarska \u017eupanja, ga. Majda Podkri\u017enik. Na seji je \u017dvipelj predstavil pobudo in nujnost, da vse ob\u010dine uvidijo pomembnost sodelovanja z edinim audio vizualnim medijem v Zgornji Savinjski dolini ( vse do Celja oz. Velenja), ne le zaradi pomembnosti samega obstoja medija TvM &#8211; zgornjesavinjski kanal, ampak tudi zaradi pomembnosti dela, ki ga medij opravlja.<\/strong><\/p>\n<p>Najve\u010dje te\u017eave so nastale v okviru finan\u010dnih in kadrovskih podro\u010dij, saj delovanje televizijskega medija, ki deluje predvsem za vse ob\u010dine Zgornje Savinjske dolini, v veliki ve\u010dini financira sam lastnik TvM.<\/p>\n<p>Na &#8220;pomo\u010d&#8221; je prisko\u010dila mati\u010dna Ob\u010dina Mozirje, kjer ima televizija tudi sede\u017e, pred dobrim letom pa se je za podporo v okviru ogla\u0161evanja za simboli\u010den mese\u010dni znesek, odlo\u010dila tudi Ob\u010dina Re\u010dica ob Savinji, za kar se obema \u017eupanoma omenjenih ob\u010din iskreno zahvaljujem.<\/p>\n<p>Ve\u010d mla\u010dnih odzivov pa je pri\u010dakovati iz ob\u010din, katere sedaj (\u0161e) ne sodelujejo, saj je ve\u010dina drugih \u017eupanov mnenja, da sodelovanje za obstoj in delo medija verjetno ni potrebno, tudi za ceno ukinitve TvM &#8211; zgornjesavinjski kanal.<\/span><\/p>\n","protected":false},"excerpt":{"rendered":"<p>V \u010detrtek, 22.marca, je bil predstavnik, lastnik in direktor podjetja DaMix &#8211; MULTIMEDIJA Damjan \u017dvipelj, povabljen na sejo kolegija \u017eupanov vseh ob\u010din Zgornje Savinjske doline na Ob\u010dino Nazarje, kjer kolegiju trenutno predseduje nazarska \u017eupanja, ga. Majda Podkri\u017enik. Na seji je \u017dvipelj predstavil pobudo in nujnost, da vse ob\u010dine uvidijo pomembnost sodelovanja z edinim audio vizualnim [&hellip;]<\/p>\n","protected":false},"author":1,"featured_media":0,"comment_status":"open","ping_status":"open","sticky":false,"template":"","format":"standard","meta":{"footnotes":""},"categories":[2,3,1,4],"tags":[],"class_list":["post-191","post","type-post","status-publish","format-standard","hentry","category-kultura","category-podjetnistvo","category-splosno","category-turizem"],"aioseo_notices":[],"_links":{"self":[{"href":"https:\/\/mozirje.info\/mozirje\/wp-json\/wp\/v2\/posts\/191","targetHints":{"allow":["GET"]}}],"collection":[{"href":"https:\/\/mozirje.info\/mozirje\/wp-json\/wp\/v2\/posts"}],"about":[{"href":"https:\/\/mozirje.info\/mozirje\/wp-json\/wp\/v2\/types\/post"}],"author":[{"embeddable":true,"href":"https:\/\/mozirje.info\/mozirje\/wp-json\/wp\/v2\/users\/1"}],"replies":[{"embeddable":true,"href":"https:\/\/mozirje.info\/mozirje\/wp-json\/wp\/v2\/comments?post=191"}],"version-history":[{"count":2,"href":"https:\/\/mozirje.info\/mozirje\/wp-json\/wp\/v2\/posts\/191\/revisions"}],"predecessor-version":[{"id":204,"href":"https:\/\/mozirje.info\/mozirje\/wp-json\/wp\/v2\/posts\/191\/revisions\/204"}],"wp:attachment":[{"href":"https:\/\/mozirje.info\/mozirje\/wp-json\/wp\/v2\/media?parent=191"}],"wp:term":[{"taxonomy":"category","embeddable":true,"href":"https:\/\/mozirje.info\/mozirje\/wp-json\/wp\/v2\/categories?post=191"},{"taxonomy":"post_tag","embeddable":true,"href":"https:\/\/mozirje.info\/mozirje\/wp-json\/wp\/v2\/tags?post=191"}],"curies":[{"name":"wp","href":"https:\/\/api.w.org\/{rel}","templated":true}]}}